{"id":106608,"date":"2025-03-28T10:00:41","date_gmt":"2025-03-28T09:00:41","guid":{"rendered":"https:\/\/deseopatisserie.com\/?p=106608"},"modified":"2025-03-26T16:11:42","modified_gmt":"2025-03-26T15:11:42","slug":"jak-przechowywac-chleb-rzemieslniczy-by-dluzej-cieszyc-sie-jego-smakiem","status":"publish","type":"post","link":"https:\/\/deseopatisserie.com\/de\/jak-przechowywac-chleb-rzemieslniczy-by-dluzej-cieszyc-sie-jego-smakiem\/","title":{"rendered":"Jak przechowywa\u0107 chleb rzemie\u015blniczy, by d\u0142u\u017cej cieszy\u0107 si\u0119 jego smakiem"},"content":{"rendered":"<p data-pm-slice=\"1 1 []\">Chrupi\u0105ca sk\u00f3rka, mi\u0119kki \u015brodek i ten niepowtarzalny aromat \u2013 chleb rzemie\u015blniczy to ma\u0142e dzie\u0142o sztuki! Jednak bez konserwant\u00f3w i sztucznych dodatk\u00f3w jego trwa\u0142o\u015b\u0107 jest kr\u00f3tsza ni\u017c w przypadku pieczywa przemys\u0142owego. Jak wi\u0119c przechowywa\u0107 go tak, by jak najd\u0142u\u017cej zachowa\u0142 \u015bwie\u017co\u015b\u0107? Oto sprawdzone sposoby!<\/p>\n","protected":false},"excerpt":{"rendered":"<p>Chrupi\u0105ca sk\u00f3rka, mi\u0119kki \u015brodek i ten niepowtarzalny aromat \u2013 chleb rzemie\u015blniczy to ma\u0142e dzie\u0142o sztuki! Jednak bez konserwant\u00f3w i sztucznych dodatk\u00f3w jego trwa\u0142o\u015b\u0107 jest kr\u00f3tsza ni\u017c w przypadku pieczywa przemys\u0142owego. Jak wi\u0119c przechowywa\u0107 go tak, by jak najd\u0142u\u017cej zachowa\u0142 \u015bwie\u017co\u015b\u0107? Oto sprawdzone sposoby!<\/p>\n","protected":false},"author":1987,"featured_media":106053,"comment_status":"open","ping_status":"open","sticky":false,"template":"","format":"standard","meta":{"_acf_changed":false,"footnotes":""},"categories":[2606],"tags":[2923,2922,2939,2937,2940,2936,2938],"class_list":["post-106608","post","type-post","status-publish","format-standard","has-post-thumbnail","hentry","category-porady","tag-chleb-na-zakwasie","tag-chleb-rzemieslniczy","tag-domowe-pieczywo","tag-jak-przechowywac-chleb","tag-pieczywo-rzemieslnicze","tag-przechowywanie-chleba","tag-swiezosc-chleba"],"acf":[],"yoast_head":"<!-- This site is optimized with the Yoast SEO plugin v27.5 - https:\/\/yoast.com\/product\/yoast-seo-wordpress\/ -->\n<title>Jak przechowywa\u0107 chleb rzemie\u015blniczy, by d\u0142u\u017cej cieszy\u0107 si\u0119 jego smakiem - DESEO<\/title>\n<meta name=\"robots\" content=\"index, follow, max-snippet:-1, max-image-preview:large, max-video-preview:-1\" \/>\n<link rel=\"canonical\" href=\"https:\/\/deseopatisserie.com\/de\/jak-przechowywac-chleb-rzemieslniczy-by-dluzej-cieszyc-sie-jego-smakiem\/\" \/>\n<meta property=\"og:locale\" content=\"de_DE\" \/>\n<meta property=\"og:type\" content=\"article\" \/>\n<meta property=\"og:title\" content=\"Jak przechowywa\u0107 chleb rzemie\u015blniczy, by d\u0142u\u017cej cieszy\u0107 si\u0119 jego smakiem - DESEO\" \/>\n<meta property=\"og:description\" content=\"Chrupi\u0105ca sk\u00f3rka, mi\u0119kki \u015brodek i ten niepowtarzalny aromat \u2013 chleb rzemie\u015blniczy to ma\u0142e dzie\u0142o sztuki! Jednak bez konserwant\u00f3w i sztucznych dodatk\u00f3w jego trwa\u0142o\u015b\u0107 jest kr\u00f3tsza ni\u017c w przypadku pieczywa przemys\u0142owego. Jak wi\u0119c przechowywa\u0107 go tak, by jak najd\u0142u\u017cej zachowa\u0142 \u015bwie\u017co\u015b\u0107? Oto sprawdzone sposoby!\" \/>\n<meta property=\"og:url\" content=\"https:\/\/deseopatisserie.com\/de\/jak-przechowywac-chleb-rzemieslniczy-by-dluzej-cieszyc-sie-jego-smakiem\/\" \/>\n<meta property=\"og:site_name\" content=\"DESEO\" \/>\n<meta property=\"article:published_time\" content=\"2025-03-28T09:00:41+00:00\" \/>\n<meta property=\"og:image\" content=\"https:\/\/deseopatisserie.com\/\/wp-content\/uploads\/2025\/03\/DESEO_chleb-boczekchrzan-1024x683.jpg\" \/>\n\t<meta property=\"og:image:width\" content=\"1024\" \/>\n\t<meta property=\"og:image:height\" content=\"683\" \/>\n\t<meta property=\"og:image:type\" content=\"image\/jpeg\" \/>\n<meta name=\"author\" content=\"\u0141ukasz Smolinski\" \/>\n<meta name=\"twitter:card\" content=\"summary_large_image\" \/>\n<meta name=\"twitter:label1\" content=\"Verfasst von\" \/>\n\t<meta name=\"twitter:data1\" content=\"\u0141ukasz Smolinski\" \/>\n\t<meta name=\"twitter:label2\" content=\"Gesch\u00e4tzte Lesezeit\" \/>\n\t<meta name=\"twitter:data2\" content=\"1\u00a0Minute\" \/>\n<script type=\"application\/ld+json\" class=\"yoast-schema-graph\">{\"@context\":\"https:\\\/\\\/schema.org\",\"@graph\":[{\"@type\":\"Article\",\"@id\":\"https:\\\/\\\/deseopatisserie.com\\\/de\\\/jak-przechowywac-chleb-rzemieslniczy-by-dluzej-cieszyc-sie-jego-smakiem\\\/#article\",\"isPartOf\":{\"@id\":\"https:\\\/\\\/deseopatisserie.com\\\/de\\\/jak-przechowywac-chleb-rzemieslniczy-by-dluzej-cieszyc-sie-jego-smakiem\\\/\"},\"author\":{\"name\":\"\u0141ukasz Smolinski\",\"@id\":\"https:\\\/\\\/deseopatisserie.com\\\/de\\\/#\\\/schema\\\/person\\\/acfe865ace7464aa7e0fd4b03bc4b37e\"},\"headline\":\"Jak przechowywa\u0107 chleb rzemie\u015blniczy, by d\u0142u\u017cej cieszy\u0107 si\u0119 jego smakiem\",\"datePublished\":\"2025-03-28T09:00:41+00:00\",\"mainEntityOfPage\":{\"@id\":\"https:\\\/\\\/deseopatisserie.com\\\/de\\\/jak-przechowywac-chleb-rzemieslniczy-by-dluzej-cieszyc-sie-jego-smakiem\\\/\"},\"wordCount\":70,\"commentCount\":0,\"image\":{\"@id\":\"https:\\\/\\\/deseopatisserie.com\\\/de\\\/jak-przechowywac-chleb-rzemieslniczy-by-dluzej-cieszyc-sie-jego-smakiem\\\/#primaryimage\"},\"thumbnailUrl\":\"https:\\\/\\\/deseopatisserie.com\\\/\\\/wp-content\\\/uploads\\\/2025\\\/03\\\/DESEO_chleb-boczekchrzan.jpg\",\"keywords\":[\"Chleb na zakwasie\",\"Chleb rzemie\u015blniczy\",\"domowe pieczywo\",\"jak przechowywa\u0107 chleb\",\"pieczywo rzemie\u015blnicze\",\"przechowywanie chleba\",\"\u015bwie\u017co\u015b\u0107 chleba\"],\"articleSection\":[\"Porady\"],\"inLanguage\":\"de\",\"potentialAction\":[{\"@type\":\"CommentAction\",\"name\":\"Comment\",\"target\":[\"https:\\\/\\\/deseopatisserie.com\\\/de\\\/jak-przechowywac-chleb-rzemieslniczy-by-dluzej-cieszyc-sie-jego-smakiem\\\/#respond\"]}]},{\"@type\":\"WebPage\",\"@id\":\"https:\\\/\\\/deseopatisserie.com\\\/de\\\/jak-przechowywac-chleb-rzemieslniczy-by-dluzej-cieszyc-sie-jego-smakiem\\\/\",\"url\":\"https:\\\/\\\/deseopatisserie.com\\\/de\\\/jak-przechowywac-chleb-rzemieslniczy-by-dluzej-cieszyc-sie-jego-smakiem\\\/\",\"name\":\"Jak przechowywa\u0107 chleb rzemie\u015blniczy, by d\u0142u\u017cej cieszy\u0107 si\u0119 jego smakiem - DESEO\",\"isPartOf\":{\"@id\":\"https:\\\/\\\/deseopatisserie.com\\\/de\\\/#website\"},\"primaryImageOfPage\":{\"@id\":\"https:\\\/\\\/deseopatisserie.com\\\/de\\\/jak-przechowywac-chleb-rzemieslniczy-by-dluzej-cieszyc-sie-jego-smakiem\\\/#primaryimage\"},\"image\":{\"@id\":\"https:\\\/\\\/deseopatisserie.com\\\/de\\\/jak-przechowywac-chleb-rzemieslniczy-by-dluzej-cieszyc-sie-jego-smakiem\\\/#primaryimage\"},\"thumbnailUrl\":\"https:\\\/\\\/deseopatisserie.com\\\/\\\/wp-content\\\/uploads\\\/2025\\\/03\\\/DESEO_chleb-boczekchrzan.jpg\",\"datePublished\":\"2025-03-28T09:00:41+00:00\",\"author\":{\"@id\":\"https:\\\/\\\/deseopatisserie.com\\\/de\\\/#\\\/schema\\\/person\\\/acfe865ace7464aa7e0fd4b03bc4b37e\"},\"breadcrumb\":{\"@id\":\"https:\\\/\\\/deseopatisserie.com\\\/de\\\/jak-przechowywac-chleb-rzemieslniczy-by-dluzej-cieszyc-sie-jego-smakiem\\\/#breadcrumb\"},\"inLanguage\":\"de\",\"potentialAction\":[{\"@type\":\"ReadAction\",\"target\":[\"https:\\\/\\\/deseopatisserie.com\\\/de\\\/jak-przechowywac-chleb-rzemieslniczy-by-dluzej-cieszyc-sie-jego-smakiem\\\/\"]}]},{\"@type\":\"ImageObject\",\"inLanguage\":\"de\",\"@id\":\"https:\\\/\\\/deseopatisserie.com\\\/de\\\/jak-przechowywac-chleb-rzemieslniczy-by-dluzej-cieszyc-sie-jego-smakiem\\\/#primaryimage\",\"url\":\"https:\\\/\\\/deseopatisserie.com\\\/\\\/wp-content\\\/uploads\\\/2025\\\/03\\\/DESEO_chleb-boczekchrzan.jpg\",\"contentUrl\":\"https:\\\/\\\/deseopatisserie.com\\\/\\\/wp-content\\\/uploads\\\/2025\\\/03\\\/DESEO_chleb-boczekchrzan.jpg\",\"width\":2500,\"height\":1667,\"caption\":\"chleb boczek & chrzan DESEO\"},{\"@type\":\"BreadcrumbList\",\"@id\":\"https:\\\/\\\/deseopatisserie.com\\\/de\\\/jak-przechowywac-chleb-rzemieslniczy-by-dluzej-cieszyc-sie-jego-smakiem\\\/#breadcrumb\",\"itemListElement\":[{\"@type\":\"ListItem\",\"position\":1,\"name\":\"Strona g\u0142\u00f3wna\",\"item\":\"https:\\\/\\\/deseopatisserie.com\\\/de\\\/homepage\\\/\"},{\"@type\":\"ListItem\",\"position\":2,\"name\":\"Jak przechowywa\u0107 chleb rzemie\u015blniczy, by d\u0142u\u017cej cieszy\u0107 si\u0119 jego smakiem\"}]},{\"@type\":\"WebSite\",\"@id\":\"https:\\\/\\\/deseopatisserie.com\\\/de\\\/#website\",\"url\":\"https:\\\/\\\/deseopatisserie.com\\\/de\\\/\",\"name\":\"DESEO\",\"description\":\"Patisserie &amp; Chocolaterie\",\"potentialAction\":[{\"@type\":\"SearchAction\",\"target\":{\"@type\":\"EntryPoint\",\"urlTemplate\":\"https:\\\/\\\/deseopatisserie.com\\\/de\\\/?s={search_term_string}\"},\"query-input\":{\"@type\":\"PropertyValueSpecification\",\"valueRequired\":true,\"valueName\":\"search_term_string\"}}],\"inLanguage\":\"de\"},{\"@type\":\"Person\",\"@id\":\"https:\\\/\\\/deseopatisserie.com\\\/de\\\/#\\\/schema\\\/person\\\/acfe865ace7464aa7e0fd4b03bc4b37e\",\"name\":\"\u0141ukasz Smolinski\",\"image\":{\"@type\":\"ImageObject\",\"inLanguage\":\"de\",\"@id\":\"https:\\\/\\\/secure.gravatar.com\\\/avatar\\\/64abac127bb596f256b65d35caa284ee9bf26752d8f5d4830a37562566e3960b?s=96&d=mm&r=g\",\"url\":\"https:\\\/\\\/secure.gravatar.com\\\/avatar\\\/64abac127bb596f256b65d35caa284ee9bf26752d8f5d4830a37562566e3960b?s=96&d=mm&r=g\",\"contentUrl\":\"https:\\\/\\\/secure.gravatar.com\\\/avatar\\\/64abac127bb596f256b65d35caa284ee9bf26752d8f5d4830a37562566e3960b?s=96&d=mm&r=g\",\"caption\":\"\u0141ukasz Smolinski\"},\"url\":\"https:\\\/\\\/deseopatisserie.com\\\/de\\\/author\\\/lukasz-smolinskideseopatisserie-com\\\/\"}]}<\/script>\n<!-- \/ Yoast SEO plugin. -->","yoast_head_json":{"title":"Jak przechowywa\u0107 chleb rzemie\u015blniczy, by d\u0142u\u017cej cieszy\u0107 si\u0119 jego smakiem - DESEO","robots":{"index":"index","follow":"follow","max-snippet":"max-snippet:-1","max-image-preview":"max-image-preview:large","max-video-preview":"max-video-preview:-1"},"canonical":"https:\/\/deseopatisserie.com\/de\/jak-przechowywac-chleb-rzemieslniczy-by-dluzej-cieszyc-sie-jego-smakiem\/","og_locale":"de_DE","og_type":"article","og_title":"Jak przechowywa\u0107 chleb rzemie\u015blniczy, by d\u0142u\u017cej cieszy\u0107 si\u0119 jego smakiem - DESEO","og_description":"Chrupi\u0105ca sk\u00f3rka, mi\u0119kki \u015brodek i ten niepowtarzalny aromat \u2013 chleb rzemie\u015blniczy to ma\u0142e dzie\u0142o sztuki! Jednak bez konserwant\u00f3w i sztucznych dodatk\u00f3w jego trwa\u0142o\u015b\u0107 jest kr\u00f3tsza ni\u017c w przypadku pieczywa przemys\u0142owego. Jak wi\u0119c przechowywa\u0107 go tak, by jak najd\u0142u\u017cej zachowa\u0142 \u015bwie\u017co\u015b\u0107? Oto sprawdzone sposoby!","og_url":"https:\/\/deseopatisserie.com\/de\/jak-przechowywac-chleb-rzemieslniczy-by-dluzej-cieszyc-sie-jego-smakiem\/","og_site_name":"DESEO","article_published_time":"2025-03-28T09:00:41+00:00","og_image":[{"width":1024,"height":683,"url":"https:\/\/deseopatisserie.com\/\/wp-content\/uploads\/2025\/03\/DESEO_chleb-boczekchrzan-1024x683.jpg","type":"image\/jpeg"}],"author":"\u0141ukasz Smolinski","twitter_card":"summary_large_image","twitter_misc":{"Verfasst von":"\u0141ukasz Smolinski","Gesch\u00e4tzte Lesezeit":"1\u00a0Minute"},"schema":{"@context":"https:\/\/schema.org","@graph":[{"@type":"Article","@id":"https:\/\/deseopatisserie.com\/de\/jak-przechowywac-chleb-rzemieslniczy-by-dluzej-cieszyc-sie-jego-smakiem\/#article","isPartOf":{"@id":"https:\/\/deseopatisserie.com\/de\/jak-przechowywac-chleb-rzemieslniczy-by-dluzej-cieszyc-sie-jego-smakiem\/"},"author":{"name":"\u0141ukasz Smolinski","@id":"https:\/\/deseopatisserie.com\/de\/#\/schema\/person\/acfe865ace7464aa7e0fd4b03bc4b37e"},"headline":"Jak przechowywa\u0107 chleb rzemie\u015blniczy, by d\u0142u\u017cej cieszy\u0107 si\u0119 jego smakiem","datePublished":"2025-03-28T09:00:41+00:00","mainEntityOfPage":{"@id":"https:\/\/deseopatisserie.com\/de\/jak-przechowywac-chleb-rzemieslniczy-by-dluzej-cieszyc-sie-jego-smakiem\/"},"wordCount":70,"commentCount":0,"image":{"@id":"https:\/\/deseopatisserie.com\/de\/jak-przechowywac-chleb-rzemieslniczy-by-dluzej-cieszyc-sie-jego-smakiem\/#primaryimage"},"thumbnailUrl":"https:\/\/deseopatisserie.com\/\/wp-content\/uploads\/2025\/03\/DESEO_chleb-boczekchrzan.jpg","keywords":["Chleb na zakwasie","Chleb rzemie\u015blniczy","domowe pieczywo","jak przechowywa\u0107 chleb","pieczywo rzemie\u015blnicze","przechowywanie chleba","\u015bwie\u017co\u015b\u0107 chleba"],"articleSection":["Porady"],"inLanguage":"de","potentialAction":[{"@type":"CommentAction","name":"Comment","target":["https:\/\/deseopatisserie.com\/de\/jak-przechowywac-chleb-rzemieslniczy-by-dluzej-cieszyc-sie-jego-smakiem\/#respond"]}]},{"@type":"WebPage","@id":"https:\/\/deseopatisserie.com\/de\/jak-przechowywac-chleb-rzemieslniczy-by-dluzej-cieszyc-sie-jego-smakiem\/","url":"https:\/\/deseopatisserie.com\/de\/jak-przechowywac-chleb-rzemieslniczy-by-dluzej-cieszyc-sie-jego-smakiem\/","name":"Jak przechowywa\u0107 chleb rzemie\u015blniczy, by d\u0142u\u017cej cieszy\u0107 si\u0119 jego smakiem - DESEO","isPartOf":{"@id":"https:\/\/deseopatisserie.com\/de\/#website"},"primaryImageOfPage":{"@id":"https:\/\/deseopatisserie.com\/de\/jak-przechowywac-chleb-rzemieslniczy-by-dluzej-cieszyc-sie-jego-smakiem\/#primaryimage"},"image":{"@id":"https:\/\/deseopatisserie.com\/de\/jak-przechowywac-chleb-rzemieslniczy-by-dluzej-cieszyc-sie-jego-smakiem\/#primaryimage"},"thumbnailUrl":"https:\/\/deseopatisserie.com\/\/wp-content\/uploads\/2025\/03\/DESEO_chleb-boczekchrzan.jpg","datePublished":"2025-03-28T09:00:41+00:00","author":{"@id":"https:\/\/deseopatisserie.com\/de\/#\/schema\/person\/acfe865ace7464aa7e0fd4b03bc4b37e"},"breadcrumb":{"@id":"https:\/\/deseopatisserie.com\/de\/jak-przechowywac-chleb-rzemieslniczy-by-dluzej-cieszyc-sie-jego-smakiem\/#breadcrumb"},"inLanguage":"de","potentialAction":[{"@type":"ReadAction","target":["https:\/\/deseopatisserie.com\/de\/jak-przechowywac-chleb-rzemieslniczy-by-dluzej-cieszyc-sie-jego-smakiem\/"]}]},{"@type":"ImageObject","inLanguage":"de","@id":"https:\/\/deseopatisserie.com\/de\/jak-przechowywac-chleb-rzemieslniczy-by-dluzej-cieszyc-sie-jego-smakiem\/#primaryimage","url":"https:\/\/deseopatisserie.com\/\/wp-content\/uploads\/2025\/03\/DESEO_chleb-boczekchrzan.jpg","contentUrl":"https:\/\/deseopatisserie.com\/\/wp-content\/uploads\/2025\/03\/DESEO_chleb-boczekchrzan.jpg","width":2500,"height":1667,"caption":"chleb boczek & chrzan DESEO"},{"@type":"BreadcrumbList","@id":"https:\/\/deseopatisserie.com\/de\/jak-przechowywac-chleb-rzemieslniczy-by-dluzej-cieszyc-sie-jego-smakiem\/#breadcrumb","itemListElement":[{"@type":"ListItem","position":1,"name":"Strona g\u0142\u00f3wna","item":"https:\/\/deseopatisserie.com\/de\/homepage\/"},{"@type":"ListItem","position":2,"name":"Jak przechowywa\u0107 chleb rzemie\u015blniczy, by d\u0142u\u017cej cieszy\u0107 si\u0119 jego smakiem"}]},{"@type":"WebSite","@id":"https:\/\/deseopatisserie.com\/de\/#website","url":"https:\/\/deseopatisserie.com\/de\/","name":"DESEO","description":"Patisserie &amp; Chocolaterie","potentialAction":[{"@type":"SearchAction","target":{"@type":"EntryPoint","urlTemplate":"https:\/\/deseopatisserie.com\/de\/?s={search_term_string}"},"query-input":{"@type":"PropertyValueSpecification","valueRequired":true,"valueName":"search_term_string"}}],"inLanguage":"de"},{"@type":"Person","@id":"https:\/\/deseopatisserie.com\/de\/#\/schema\/person\/acfe865ace7464aa7e0fd4b03bc4b37e","name":"\u0141ukasz Smolinski","image":{"@type":"ImageObject","inLanguage":"de","@id":"https:\/\/secure.gravatar.com\/avatar\/64abac127bb596f256b65d35caa284ee9bf26752d8f5d4830a37562566e3960b?s=96&d=mm&r=g","url":"https:\/\/secure.gravatar.com\/avatar\/64abac127bb596f256b65d35caa284ee9bf26752d8f5d4830a37562566e3960b?s=96&d=mm&r=g","contentUrl":"https:\/\/secure.gravatar.com\/avatar\/64abac127bb596f256b65d35caa284ee9bf26752d8f5d4830a37562566e3960b?s=96&d=mm&r=g","caption":"\u0141ukasz Smolinski"},"url":"https:\/\/deseopatisserie.com\/de\/author\/lukasz-smolinskideseopatisserie-com\/"}]}},"_links":{"self":[{"href":"https:\/\/deseopatisserie.com\/de\/wp-json\/wp\/v2\/posts\/106608","targetHints":{"allow":["GET"]}}],"collection":[{"href":"https:\/\/deseopatisserie.com\/de\/wp-json\/wp\/v2\/posts"}],"about":[{"href":"https:\/\/deseopatisserie.com\/de\/wp-json\/wp\/v2\/types\/post"}],"author":[{"embeddable":true,"href":"https:\/\/deseopatisserie.com\/de\/wp-json\/wp\/v2\/users\/1987"}],"replies":[{"embeddable":true,"href":"https:\/\/deseopatisserie.com\/de\/wp-json\/wp\/v2\/comments?post=106608"}],"version-history":[{"count":0,"href":"https:\/\/deseopatisserie.com\/de\/wp-json\/wp\/v2\/posts\/106608\/revisions"}],"wp:featuredmedia":[{"embeddable":true,"href":"https:\/\/deseopatisserie.com\/de\/wp-json\/wp\/v2\/media\/106053"}],"wp:attachment":[{"href":"https:\/\/deseopatisserie.com\/de\/wp-json\/wp\/v2\/media?parent=106608"}],"wp:term":[{"taxonomy":"category","embeddable":true,"href":"https:\/\/deseopatisserie.com\/de\/wp-json\/wp\/v2\/categories?post=106608"},{"taxonomy":"post_tag","embeddable":true,"href":"https:\/\/deseopatisserie.com\/de\/wp-json\/wp\/v2\/tags?post=106608"}],"curies":[{"name":"wp","href":"https:\/\/api.w.org\/{rel}","templated":true}]}}